{"id":179,"date":"2018-02-14T11:14:37","date_gmt":"2018-02-14T10:14:37","guid":{"rendered":"http:\/\/marcoschuler.net\/aktuell\/?p=179"},"modified":"2018-03-05T07:56:24","modified_gmt":"2018-03-05T06:56:24","slug":"unplugged-kunstverein-offenburg-samstag-03-03-2018-bis-sonntag-22-04-2018","status":"publish","type":"post","link":"http:\/\/marcoschuler.net\/aktuell\/2018\/02\/14\/unplugged-kunstverein-offenburg-samstag-03-03-2018-bis-sonntag-22-04-2018\/","title":{"rendered":"&#8222;unplugged&#8220;, Kunstverein Offenburg, Samstag, 03.03.2018 bis Sonntag, 22.04.2018"},"content":{"rendered":"<p><a href=\"http:\/\/www.kunstverein-offenburg.de\/\">http:\/\/www.kunstverein-offenburg.de\/<img loading=\"lazy\" class=\"alignnone size-full wp-image-182\" src=\"http:\/\/marcoschuler.net\/aktuell\/wp-content\/uploads\/2018\/02\/Flyer_Marco_Schuler_print-1.jpg\" alt=\"\" width=\"1181\" height=\"840\" srcset=\"http:\/\/marcoschuler.net\/aktuell\/wp-content\/uploads\/2018\/02\/Flyer_Marco_Schuler_print-1.jpg 1181w, http:\/\/marcoschuler.net\/aktuell\/wp-content\/uploads\/2018\/02\/Flyer_Marco_Schuler_print-1-300x213.jpg 300w, http:\/\/marcoschuler.net\/aktuell\/wp-content\/uploads\/2018\/02\/Flyer_Marco_Schuler_print-1-768x546.jpg 768w, http:\/\/marcoschuler.net\/aktuell\/wp-content\/uploads\/2018\/02\/Flyer_Marco_Schuler_print-1-1024x728.jpg 1024w, http:\/\/marcoschuler.net\/aktuell\/wp-content\/uploads\/2018\/02\/Flyer_Marco_Schuler_print-1-600x427.jpg 600w\" sizes=\"(max-width: 1181px) 100vw, 1181px\" \/><img loading=\"lazy\" class=\"alignnone size-full wp-image-183\" src=\"http:\/\/marcoschuler.net\/aktuell\/wp-content\/uploads\/2018\/02\/Flyer_Marco_Schuler_print-2.jpg\" alt=\"\" width=\"1181\" height=\"840\" srcset=\"http:\/\/marcoschuler.net\/aktuell\/wp-content\/uploads\/2018\/02\/Flyer_Marco_Schuler_print-2.jpg 1181w, http:\/\/marcoschuler.net\/aktuell\/wp-content\/uploads\/2018\/02\/Flyer_Marco_Schuler_print-2-300x213.jpg 300w, http:\/\/marcoschuler.net\/aktuell\/wp-content\/uploads\/2018\/02\/Flyer_Marco_Schuler_print-2-768x546.jpg 768w, http:\/\/marcoschuler.net\/aktuell\/wp-content\/uploads\/2018\/02\/Flyer_Marco_Schuler_print-2-1024x728.jpg 1024w, http:\/\/marcoschuler.net\/aktuell\/wp-content\/uploads\/2018\/02\/Flyer_Marco_Schuler_print-2-600x427.jpg 600w\" sizes=\"(max-width: 1181px) 100vw, 1181px\" \/>Flyer_Marco_Schuler_print<\/a><\/p>\n<div id=\"attachment_181\" style=\"width: 1191px\" class=\"wp-caption alignnone\"><img aria-describedby=\"caption-attachment-181\" loading=\"lazy\" class=\"size-full wp-image-181\" src=\"http:\/\/marcoschuler.net\/aktuell\/wp-content\/uploads\/2018\/02\/last-day-in-paradis-web-2014.jpg\" alt=\"\" width=\"1181\" height=\"798\" srcset=\"http:\/\/marcoschuler.net\/aktuell\/wp-content\/uploads\/2018\/02\/last-day-in-paradis-web-2014.jpg 1181w, http:\/\/marcoschuler.net\/aktuell\/wp-content\/uploads\/2018\/02\/last-day-in-paradis-web-2014-300x203.jpg 300w, http:\/\/marcoschuler.net\/aktuell\/wp-content\/uploads\/2018\/02\/last-day-in-paradis-web-2014-768x519.jpg 768w, http:\/\/marcoschuler.net\/aktuell\/wp-content\/uploads\/2018\/02\/last-day-in-paradis-web-2014-1024x692.jpg 1024w, http:\/\/marcoschuler.net\/aktuell\/wp-content\/uploads\/2018\/02\/last-day-in-paradis-web-2014-600x405.jpg 600w\" sizes=\"(max-width: 1181px) 100vw, 1181px\" \/><p id=\"caption-attachment-181\" class=\"wp-caption-text\">&#8222;last day in paradise&#8220;, Marco Schuler, 2014, 200x135cm, Acryl, \u00d6L<\/p><\/div>\n<p>&nbsp;<\/p>\n<p><span style=\"font-family: Century Gothic;\"><span style=\"font-size: small;\"><span style=\"font-family: Verdana,Arial,Helvetica,sans-serif; font-size: x-large;\">Marco Schuler<\/span><span style=\"font-family: Verdana,Arial,Helvetica,sans-serif;\"><br \/>\n<span style=\"font-size: large;\">unplugged <\/span><\/span><br \/>\n<\/span><\/span><\/p>\n<table border=\"0\" width=\"700\">\n<tbody>\n<tr>\n<td width=\"219\" height=\"33\"><span style=\"font-family: Verdana,Arial,Helvetica,sans-serif; font-size: small;\">Ausstellungser\u00f6ffnung:<\/span><\/td>\n<td width=\"471\">\n<div align=\"left\"><span style=\"font-family: Verdana,Arial,Helvetica,sans-serif; font-size: small;\"><strong><span style=\"color: #000000;\">Freitag<\/span><\/strong>, <strong>2. M\u00e4rz 2018, 19.30 Uhr<\/strong><\/span><\/div>\n<\/td>\n<\/tr>\n<tr>\n<td height=\"33\"><span style=\"font-family: Verdana,Arial,Helvetica,sans-serif; font-size: small;\">Einf\u00fchrung:<\/span><\/td>\n<td>\n<div align=\"left\"><strong><span style=\"font-family: Verdana,Arial,Helvetica,sans-serif; font-size: small;\">Nikolaus Bischoff<\/span><\/strong> <span style=\"font-family: Verdana,Arial,Helvetica,sans-serif; font-size: small;\">(Kunsthistoriker)<\/span><\/div>\n<\/td>\n<\/tr>\n<tr>\n<td height=\"33\"><span style=\"font-family: Verdana,Arial,Helvetica,sans-serif; font-size: small;\">Ausstellungsdauer:<\/span><\/td>\n<td>\n<div align=\"left\"><span style=\"font-family: Verdana,Arial,Helvetica,sans-serif; font-size: small;\"><strong>Samstag, 03.03.2018 bis Sonntag, 22.04.2018 <\/strong> <\/span><\/div>\n<\/td>\n<\/tr>\n<\/tbody>\n<\/table>\n<p>&nbsp;<\/p>\n<table border=\"0\" width=\"700\">\n<tbody>\n<tr>\n<td width=\"218\"><span style=\"font-family: Verdana,Arial,Helvetica,sans-serif;\"><strong>Marco<br \/>\nSchuler<\/strong><\/span><\/td>\n<td width=\"472\"><span style=\"font-family: Verdana,Arial,Helvetica,sans-serif; font-size: small;\">Der Kunstverein Offenburg Mittelbaden freut sich unter dem Titel \u201eunplugged\u201c neue Arbeiten des 1972 in B\u00fchl geborenen und nun im Dreil\u00e4ndereck lebenden K\u00fcnstlers Marco Schuler zu zeigen.<\/span><\/p>\n<p>Zun\u00e4chst studierte Schuler Philosophie an der Albert-Ludwigs-Universit\u00e4t in Freiburg, sp\u00e4ter dann Bildhauerei an der Akademie der bildenden K\u00fcnste in M\u00fcnchen bei Olaf Metzel.<\/p>\n<p>Er erhielt zahlreiche Auszeichnungen und Stipendien im In- und Ausland. Unter anderem lebte und arbeitete er in Nizza, Rotterdam und Los Angeles.<\/p>\n<p>Marco Schuler l\u00e4sst sich nicht auf eine Kunstgattung festlegen. Ob er malt, Objekte und Skulpturen schafft oderVideos erstellt &#8211; immer hat er einen sehr direkten, ungefilterten Zugriff zu seinem Medium. Dabei thematisiert er in seiner Arbeit den Versuch der \u00dcberwindung von Grenzen, der auch immer das Scheitern beinhaltet. Seine oft k\u00f6rperliche und zuweilen brachiale Vorgehensweise ist getragen von unb\u00e4ndiger Energie und leidenschaftlicher Hingabe \u2013 eben unplugged, ohne Verst\u00e4rker.<\/td>\n<\/tr>\n<\/tbody>\n<\/table>\n<p><img loading=\"lazy\" src=\"http:\/\/www.kunstverein-offenburg.de\/2018-01-Schuler\/buci-01.jpg\" width=\"500\" height=\"340\" \/><br \/>\n<span style=\"font-family: Verdana,Arial,Helvetica,sans-serif; font-size: small;\">&#8222;Buci&#8220;, 2012, 200 x 135 cm, Acryl, Lack<\/span><\/p>\n<p><span style=\"font-family: Verdana,Arial,Helvetica,sans-serif; font-size: small;\"><img loading=\"lazy\" src=\"http:\/\/www.kunstverein-offenburg.de\/2018-01-Schuler\/verklaerung-01.jpg\" width=\"500\" height=\"727\" \/><\/span><br \/>\n<span style=\"font-family: Verdana,Arial,Helvetica,sans-serif; font-size: small;\">&#8222;Verkl\u00e4rung&#8220;, 2017, 200 x 135 cm (hochformat), Acryl, \u00d6l, Lack auf Leinwand <\/span><\/p>\n<p><span style=\"font-family: Century Gothic;\"><span style=\"font-size: small;\">[ <a href=\"http:\/\/www.kunstverein-offenburg.de\/main.htm\">zur\u00fcck<\/a> ]<\/span><\/span><\/p>\n<p>&nbsp;<\/p>\n<div class=\"_5wd4 _1nc7 _2cnu\">\n<div class=\"_h8t\">\n<div class=\"_5wd9 direction_ltr\">\n<div class=\"_5wde _n4o\">\n<div class=\"_5w1r _3_om _5wdf\">\n<div class=\"_4gx_\">\n<div class=\"_d97\"><span class=\"_5yl5\">http:\/\/www.kunstverein-offenburg.de\/<\/span><\/div>\n<\/div>\n<\/div>\n<\/div>\n<\/div>\n<\/div>\n<p>&nbsp;<\/p>\n<\/div>\n","protected":false},"excerpt":{"rendered":"<p>http:\/\/www.kunstverein-offenburg.de\/Flyer_Marco_Schuler_print &nbsp; Marco Schuler unplugged Ausstellungser\u00f6ffnung: Freitag, 2. M\u00e4rz 2018, 19.30 Uhr Einf\u00fchrung: Nikolaus Bischoff (Kunsthistoriker) Ausstellungsdauer: Samstag, 03.03.2018 bis Sonntag, 22.04.2018 &nbsp; Marco Schuler Der Kunstverein Offenburg Mittelbaden freut sich unter dem Titel \u201eunplugged\u201c neue Arbeiten des 1972 in B\u00fchl geborenen und nun im Dreil\u00e4ndereck lebenden K\u00fcnstlers Marco Schuler zu zeigen. Zun\u00e4chst studierte Schuler [&hellip;]<\/p>\n","protected":false},"author":1,"featured_media":181,"comment_status":"closed","ping_status":"closed","sticky":false,"template":"","format":"standard","meta":[],"categories":[1],"tags":[],"_links":{"self":[{"href":"http:\/\/marcoschuler.net\/aktuell\/wp-json\/wp\/v2\/posts\/179"}],"collection":[{"href":"http:\/\/marcoschuler.net\/aktuell\/wp-json\/wp\/v2\/posts"}],"about":[{"href":"http:\/\/marcoschuler.net\/aktuell\/wp-json\/wp\/v2\/types\/post"}],"author":[{"embeddable":true,"href":"http:\/\/marcoschuler.net\/aktuell\/wp-json\/wp\/v2\/users\/1"}],"replies":[{"embeddable":true,"href":"http:\/\/marcoschuler.net\/aktuell\/wp-json\/wp\/v2\/comments?post=179"}],"version-history":[{"count":0,"href":"http:\/\/marcoschuler.net\/aktuell\/wp-json\/wp\/v2\/posts\/179\/revisions"}],"wp:featuredmedia":[{"embeddable":true,"href":"http:\/\/marcoschuler.net\/aktuell\/wp-json\/wp\/v2\/media\/181"}],"wp:attachment":[{"href":"http:\/\/marcoschuler.net\/aktuell\/wp-json\/wp\/v2\/media?parent=179"}],"wp:term":[{"taxonomy":"category","embeddable":true,"href":"http:\/\/marcoschuler.net\/aktuell\/wp-json\/wp\/v2\/categories?post=179"},{"taxonomy":"post_tag","embeddable":true,"href":"http:\/\/marcoschuler.net\/aktuell\/wp-json\/wp\/v2\/tags?post=179"}],"curies":[{"name":"wp","href":"https:\/\/api.w.org\/{rel}","templated":true}]}}