{"id":221,"date":"2018-08-23T10:41:36","date_gmt":"2018-08-23T08:41:36","guid":{"rendered":"http:\/\/marcoschuler.net\/aktuell\/?p=221"},"modified":"2018-09-24T10:16:02","modified_gmt":"2018-09-24T08:16:02","slug":"zwischen-schotter-und-kies-10-september-19-oktober-kreisparkasse-ravensburg","status":"publish","type":"post","link":"http:\/\/marcoschuler.net\/aktuell\/2018\/08\/23\/zwischen-schotter-und-kies-10-september-19-oktober-kreisparkasse-ravensburg\/","title":{"rendered":"&#8222;Zwischen Schotter und Kies&#8220;, 10.September-19.Oktober, Kreisparkasse Ravensburg"},"content":{"rendered":"<p>&nbsp;<\/p>\n<p>&nbsp;<\/p>\n<p>Schw\u00e4bische Zeitung:<\/p>\n<p>l<a href=\"https:\/\/www.schwaebische.de\/landkreis\/landkreis-ravensburg\/ravensburg_artikel,-zwischen-%C3%BCberirdischem-und-realsatire-_arid,10931390.html\">https:\/\/www.schwaebische.de\/landkreis\/landkreis-ravensburg\/ravensburg_artikel,-zwischen-%C3%BCberirdischem-und-realsatire-_arid,10931390.html<\/a><\/p>\n<p>&nbsp;<\/p>\n<p>Sparkassengalerie pr\u00e4sentiert:<\/p>\n<div class=\"textLayer\">\n<div data-canvas-width=\"261.904\">Marco Schuler<\/div>\n<div data-canvas-width=\"549.1120000000001\">\u201eZwischen Schotter und Kies\u201c<\/div>\n<div data-canvas-width=\"550.0110000000001\">Kreissparkasse Ravensburg, Meersburger Stra\u00dfe 1, 88213 Ravensburg<\/div>\n<div data-canvas-width=\"398.2861666666666\">Er\u00f6ffnung am Montag, 10. September 2018, 19 Uhr<\/div>\n<div data-canvas-width=\"497.39983333333345\">Prof. Dr. Johannes Meinhardt, T\u00fcbingen, spricht zur Ausstellung<\/div>\n<div data-canvas-width=\"435.79983333333337\">Ausstellungsdauer: 10. September bis 19. Oktober 2018<\/div>\n<\/div>\n<p><a href=\"http:\/\/marcoschuler.net\/aktuell\/wp-content\/uploads\/2018\/08\/29467_Einladung-KSK-RV_Marco-Schuler.pdf\">29467_Einladung KSK RV_Marco Schuler<\/a><\/p>\n<div id=\"attachment_227\" style=\"width: 3598px\" class=\"wp-caption alignnone\"><img aria-describedby=\"caption-attachment-227\" loading=\"lazy\" class=\"size-full wp-image-227\" src=\"http:\/\/marcoschuler.net\/aktuell\/wp-content\/uploads\/2018\/08\/zwischen-schotter-und-kies.jpg\" alt=\"\" width=\"3588\" height=\"2556\" srcset=\"http:\/\/marcoschuler.net\/aktuell\/wp-content\/uploads\/2018\/08\/zwischen-schotter-und-kies.jpg 3588w, http:\/\/marcoschuler.net\/aktuell\/wp-content\/uploads\/2018\/08\/zwischen-schotter-und-kies-300x214.jpg 300w, http:\/\/marcoschuler.net\/aktuell\/wp-content\/uploads\/2018\/08\/zwischen-schotter-und-kies-768x547.jpg 768w, http:\/\/marcoschuler.net\/aktuell\/wp-content\/uploads\/2018\/08\/zwischen-schotter-und-kies-1024x729.jpg 1024w, http:\/\/marcoschuler.net\/aktuell\/wp-content\/uploads\/2018\/08\/zwischen-schotter-und-kies-600x427.jpg 600w\" sizes=\"(max-width: 3588px) 100vw, 3588px\" \/><p id=\"caption-attachment-227\" class=\"wp-caption-text\">&#8222;Unimog (Bilanzsteiger)&#8220;, 2017, Marco Schuler, 200x135cm, mixed media<\/p><\/div>\n<p>&nbsp;<\/p>\n<div id=\"attachment_228\" style=\"width: 810px\" class=\"wp-caption alignnone\"><img aria-describedby=\"caption-attachment-228\" loading=\"lazy\" class=\"size-full wp-image-228\" src=\"http:\/\/marcoschuler.net\/aktuell\/wp-content\/uploads\/2018\/08\/08-200x135cm-inspiration-O\u0308l.jpg\" alt=\"\" width=\"800\" height=\"541\" srcset=\"http:\/\/marcoschuler.net\/aktuell\/wp-content\/uploads\/2018\/08\/08-200x135cm-inspiration-O\u0308l.jpg 800w, http:\/\/marcoschuler.net\/aktuell\/wp-content\/uploads\/2018\/08\/08-200x135cm-inspiration-O\u0308l-300x203.jpg 300w, http:\/\/marcoschuler.net\/aktuell\/wp-content\/uploads\/2018\/08\/08-200x135cm-inspiration-O\u0308l-768x519.jpg 768w, http:\/\/marcoschuler.net\/aktuell\/wp-content\/uploads\/2018\/08\/08-200x135cm-inspiration-O\u0308l-600x406.jpg 600w\" sizes=\"(max-width: 800px) 100vw, 800px\" \/><p id=\"caption-attachment-228\" class=\"wp-caption-text\">&#8222;cash me, if you can! (shit, I forgot my PIN!)&#8220;, 2013\/18, Marco Schuler, 200x135cm, mixed media<\/p><\/div>\n<div id=\"attachment_231\" style=\"width: 1427px\" class=\"wp-caption alignnone\"><img aria-describedby=\"caption-attachment-231\" loading=\"lazy\" class=\"size-full wp-image-231\" src=\"http:\/\/marcoschuler.net\/aktuell\/wp-content\/uploads\/2018\/08\/Zwischen-Schotter-und-Kies-1.jpg\" alt=\"\" width=\"1417\" height=\"1004\" srcset=\"http:\/\/marcoschuler.net\/aktuell\/wp-content\/uploads\/2018\/08\/Zwischen-Schotter-und-Kies-1.jpg 1417w, http:\/\/marcoschuler.net\/aktuell\/wp-content\/uploads\/2018\/08\/Zwischen-Schotter-und-Kies-1-300x213.jpg 300w, http:\/\/marcoschuler.net\/aktuell\/wp-content\/uploads\/2018\/08\/Zwischen-Schotter-und-Kies-1-768x544.jpg 768w, http:\/\/marcoschuler.net\/aktuell\/wp-content\/uploads\/2018\/08\/Zwischen-Schotter-und-Kies-1-1024x726.jpg 1024w, http:\/\/marcoschuler.net\/aktuell\/wp-content\/uploads\/2018\/08\/Zwischen-Schotter-und-Kies-1-600x425.jpg 600w\" sizes=\"(max-width: 1417px) 100vw, 1417px\" \/><p id=\"caption-attachment-231\" class=\"wp-caption-text\">Ausstellungsansicht1<\/p><\/div>\n<p>&nbsp;<\/p>\n<div id=\"attachment_233\" style=\"width: 1427px\" class=\"wp-caption alignnone\"><img aria-describedby=\"caption-attachment-233\" loading=\"lazy\" class=\"size-full wp-image-233\" src=\"http:\/\/marcoschuler.net\/aktuell\/wp-content\/uploads\/2018\/08\/Zwischen-Schotter-und-Kies.jpg\" alt=\"\" width=\"1417\" height=\"1063\" srcset=\"http:\/\/marcoschuler.net\/aktuell\/wp-content\/uploads\/2018\/08\/Zwischen-Schotter-und-Kies.jpg 1417w, http:\/\/marcoschuler.net\/aktuell\/wp-content\/uploads\/2018\/08\/Zwischen-Schotter-und-Kies-300x225.jpg 300w, http:\/\/marcoschuler.net\/aktuell\/wp-content\/uploads\/2018\/08\/Zwischen-Schotter-und-Kies-768x576.jpg 768w, http:\/\/marcoschuler.net\/aktuell\/wp-content\/uploads\/2018\/08\/Zwischen-Schotter-und-Kies-1024x768.jpg 1024w, http:\/\/marcoschuler.net\/aktuell\/wp-content\/uploads\/2018\/08\/Zwischen-Schotter-und-Kies-600x450.jpg 600w\" sizes=\"(max-width: 1417px) 100vw, 1417px\" \/><p id=\"caption-attachment-233\" class=\"wp-caption-text\">Ausstellungsansicht2<\/p><\/div>\n<p>&nbsp;<\/p>\n<div id=\"attachment_234\" style=\"width: 1427px\" class=\"wp-caption alignnone\"><img aria-describedby=\"caption-attachment-234\" loading=\"lazy\" class=\"size-full wp-image-234\" src=\"http:\/\/marcoschuler.net\/aktuell\/wp-content\/uploads\/2018\/08\/Zwischen-Schotter-und-Kies-3.jpg\" alt=\"\" width=\"1417\" height=\"993\" srcset=\"http:\/\/marcoschuler.net\/aktuell\/wp-content\/uploads\/2018\/08\/Zwischen-Schotter-und-Kies-3.jpg 1417w, http:\/\/marcoschuler.net\/aktuell\/wp-content\/uploads\/2018\/08\/Zwischen-Schotter-und-Kies-3-300x210.jpg 300w, http:\/\/marcoschuler.net\/aktuell\/wp-content\/uploads\/2018\/08\/Zwischen-Schotter-und-Kies-3-768x538.jpg 768w, http:\/\/marcoschuler.net\/aktuell\/wp-content\/uploads\/2018\/08\/Zwischen-Schotter-und-Kies-3-1024x718.jpg 1024w, http:\/\/marcoschuler.net\/aktuell\/wp-content\/uploads\/2018\/08\/Zwischen-Schotter-und-Kies-3-600x420.jpg 600w\" sizes=\"(max-width: 1417px) 100vw, 1417px\" \/><p id=\"caption-attachment-234\" class=\"wp-caption-text\">Ausstellungsansicht 3<\/p><\/div>\n","protected":false},"excerpt":{"rendered":"<p>&nbsp; &nbsp; Schw\u00e4bische Zeitung: lhttps:\/\/www.schwaebische.de\/landkreis\/landkreis-ravensburg\/ravensburg_artikel,-zwischen-%C3%BCberirdischem-und-realsatire-_arid,10931390.html &nbsp; Sparkassengalerie pr\u00e4sentiert: Marco Schuler \u201eZwischen Schotter und Kies\u201c Kreissparkasse Ravensburg, Meersburger Stra\u00dfe 1, 88213 Ravensburg Er\u00f6ffnung am Montag, 10. September 2018, 19 Uhr Prof. Dr. Johannes Meinhardt, T\u00fcbingen, spricht zur Ausstellung Ausstellungsdauer: 10. September bis 19. Oktober 2018 29467_Einladung KSK RV_Marco Schuler &nbsp; &nbsp; &nbsp;<\/p>\n","protected":false},"author":1,"featured_media":227,"comment_status":"closed","ping_status":"closed","sticky":false,"template":"","format":"standard","meta":[],"categories":[1],"tags":[52,37,26,55,57,56],"_links":{"self":[{"href":"http:\/\/marcoschuler.net\/aktuell\/wp-json\/wp\/v2\/posts\/221"}],"collection":[{"href":"http:\/\/marcoschuler.net\/aktuell\/wp-json\/wp\/v2\/posts"}],"about":[{"href":"http:\/\/marcoschuler.net\/aktuell\/wp-json\/wp\/v2\/types\/post"}],"author":[{"embeddable":true,"href":"http:\/\/marcoschuler.net\/aktuell\/wp-json\/wp\/v2\/users\/1"}],"replies":[{"embeddable":true,"href":"http:\/\/marcoschuler.net\/aktuell\/wp-json\/wp\/v2\/comments?post=221"}],"version-history":[{"count":0,"href":"http:\/\/marcoschuler.net\/aktuell\/wp-json\/wp\/v2\/posts\/221\/revisions"}],"wp:featuredmedia":[{"embeddable":true,"href":"http:\/\/marcoschuler.net\/aktuell\/wp-json\/wp\/v2\/media\/227"}],"wp:attachment":[{"href":"http:\/\/marcoschuler.net\/aktuell\/wp-json\/wp\/v2\/media?parent=221"}],"wp:term":[{"taxonomy":"category","embeddable":true,"href":"http:\/\/marcoschuler.net\/aktuell\/wp-json\/wp\/v2\/categories?post=221"},{"taxonomy":"post_tag","embeddable":true,"href":"http:\/\/marcoschuler.net\/aktuell\/wp-json\/wp\/v2\/tags?post=221"}],"curies":[{"name":"wp","href":"https:\/\/api.w.org\/{rel}","templated":true}]}}