{"id":241,"date":"2018-11-10T23:37:42","date_gmt":"2018-11-10T22:37:42","guid":{"rendered":"http:\/\/marcoschuler.net\/aktuell\/?p=241"},"modified":"2018-11-10T23:45:49","modified_gmt":"2018-11-10T22:45:49","slug":"marco-schuler-georg-thumbach-kunstarkaden-kempten-koenigstrasse-20-eroeffnung-am-22-11-2018-19-00-uhr","status":"publish","type":"post","link":"http:\/\/marcoschuler.net\/aktuell\/2018\/11\/10\/marco-schuler-georg-thumbach-kunstarkaden-kempten-koenigstrasse-20-eroeffnung-am-22-11-2018-19-00-uhr\/","title":{"rendered":"Marco Schuler   Georg Thumbach Kunstarkaden Kempten, K\u00f6nigstra\u00dfe 20 Er\u00f6ffnung am 22.11.2018, 19.00 Uhr"},"content":{"rendered":"<p><img loading=\"lazy\" class=\"alignnone size-full wp-image-242\" src=\"http:\/\/marcoschuler.net\/aktuell\/wp-content\/uploads\/2018\/11\/04_Einladungskarte-Din-Lang_01-2.jpg\" alt=\"\" width=\"1608\" height=\"1063\" srcset=\"http:\/\/marcoschuler.net\/aktuell\/wp-content\/uploads\/2018\/11\/04_Einladungskarte-Din-Lang_01-2.jpg 1608w, http:\/\/marcoschuler.net\/aktuell\/wp-content\/uploads\/2018\/11\/04_Einladungskarte-Din-Lang_01-2-300x198.jpg 300w, http:\/\/marcoschuler.net\/aktuell\/wp-content\/uploads\/2018\/11\/04_Einladungskarte-Din-Lang_01-2-768x508.jpg 768w, http:\/\/marcoschuler.net\/aktuell\/wp-content\/uploads\/2018\/11\/04_Einladungskarte-Din-Lang_01-2-1024x677.jpg 1024w, http:\/\/marcoschuler.net\/aktuell\/wp-content\/uploads\/2018\/11\/04_Einladungskarte-Din-Lang_01-2-600x397.jpg 600w\" sizes=\"(max-width: 1608px) 100vw, 1608px\" \/><img loading=\"lazy\" class=\"alignnone size-full wp-image-243\" src=\"http:\/\/marcoschuler.net\/aktuell\/wp-content\/uploads\/2018\/11\/Screenshot_2018-10-15-23-35-171.png\" alt=\"\" width=\"1080\" height=\"1920\" srcset=\"http:\/\/marcoschuler.net\/aktuell\/wp-content\/uploads\/2018\/11\/Screenshot_2018-10-15-23-35-171.png 1080w, http:\/\/marcoschuler.net\/aktuell\/wp-content\/uploads\/2018\/11\/Screenshot_2018-10-15-23-35-171-169x300.png 169w, http:\/\/marcoschuler.net\/aktuell\/wp-content\/uploads\/2018\/11\/Screenshot_2018-10-15-23-35-171-768x1365.png 768w, http:\/\/marcoschuler.net\/aktuell\/wp-content\/uploads\/2018\/11\/Screenshot_2018-10-15-23-35-171-576x1024.png 576w, http:\/\/marcoschuler.net\/aktuell\/wp-content\/uploads\/2018\/11\/Screenshot_2018-10-15-23-35-171-600x1067.png 600w\" sizes=\"(max-width: 1080px) 100vw, 1080px\" \/><\/p>\n<p>&nbsp;<\/p>\n<p><a href=\"http:\/\/kunstarkaden-kempten.de\/home.html\">http:\/\/kunstarkaden-kempten.de\/home.html<\/a><\/p>\n<p>&nbsp;<\/p>\n<p>&nbsp;<\/p>\n<p>&nbsp;<\/p>\n","protected":false},"excerpt":{"rendered":"<p>&nbsp; http:\/\/kunstarkaden-kempten.de\/home.html &nbsp; &nbsp; &nbsp;<\/p>\n","protected":false},"author":1,"featured_media":243,"comment_status":"closed","ping_status":"closed","sticky":false,"template":"","format":"standard","meta":[],"categories":[1],"tags":[],"_links":{"self":[{"href":"http:\/\/marcoschuler.net\/aktuell\/wp-json\/wp\/v2\/posts\/241"}],"collection":[{"href":"http:\/\/marcoschuler.net\/aktuell\/wp-json\/wp\/v2\/posts"}],"about":[{"href":"http:\/\/marcoschuler.net\/aktuell\/wp-json\/wp\/v2\/types\/post"}],"author":[{"embeddable":true,"href":"http:\/\/marcoschuler.net\/aktuell\/wp-json\/wp\/v2\/users\/1"}],"replies":[{"embeddable":true,"href":"http:\/\/marcoschuler.net\/aktuell\/wp-json\/wp\/v2\/comments?post=241"}],"version-history":[{"count":0,"href":"http:\/\/marcoschuler.net\/aktuell\/wp-json\/wp\/v2\/posts\/241\/revisions"}],"wp:featuredmedia":[{"embeddable":true,"href":"http:\/\/marcoschuler.net\/aktuell\/wp-json\/wp\/v2\/media\/243"}],"wp:attachment":[{"href":"http:\/\/marcoschuler.net\/aktuell\/wp-json\/wp\/v2\/media?parent=241"}],"wp:term":[{"taxonomy":"category","embeddable":true,"href":"http:\/\/marcoschuler.net\/aktuell\/wp-json\/wp\/v2\/categories?post=241"},{"taxonomy":"post_tag","embeddable":true,"href":"http:\/\/marcoschuler.net\/aktuell\/wp-json\/wp\/v2\/tags?post=241"}],"curies":[{"name":"wp","href":"https:\/\/api.w.org\/{rel}","templated":true}]}}