{"id":412,"date":"2020-08-25T16:15:49","date_gmt":"2020-08-25T14:15:49","guid":{"rendered":"http:\/\/marcoschuler.net\/aktuell\/?p=412"},"modified":"2020-08-25T16:15:49","modified_gmt":"2020-08-25T14:15:49","slug":"kunst-im-setzkasten","status":"publish","type":"post","link":"http:\/\/marcoschuler.net\/aktuell\/2020\/08\/25\/kunst-im-setzkasten\/","title":{"rendered":"Kunst im Setzkasten"},"content":{"rendered":"\n<figure class=\"wp-block-image size-large is-resized\"><img loading=\"lazy\" src=\"http:\/\/marcoschuler.net\/aktuell\/wp-content\/uploads\/2020\/08\/grafik.png\" alt=\"\" class=\"wp-image-413\" width=\"945\" height=\"668\" srcset=\"http:\/\/marcoschuler.net\/aktuell\/wp-content\/uploads\/2020\/08\/grafik.png 874w, http:\/\/marcoschuler.net\/aktuell\/wp-content\/uploads\/2020\/08\/grafik-300x212.png 300w, http:\/\/marcoschuler.net\/aktuell\/wp-content\/uploads\/2020\/08\/grafik-768x543.png 768w, http:\/\/marcoschuler.net\/aktuell\/wp-content\/uploads\/2020\/08\/grafik-600x424.png 600w\" sizes=\"(max-width: 945px) 100vw, 945px\" \/><\/figure>\n\n\n\n<p>FORUM KUNST zeigt<br>KUNST IM SETZKASTEN<br>90 Werke von 90 Ku\u0308nstler<em>innen aus \u00d6sterreich, aus der Schweiz, aus Deutschland, aus weiteren europ\u00e4ischen L\u00e4ndern und aus den USA Einladung zur Er\u00f6ffnung der Ausstellung am Samstag, 19. September 2020, in der Zeit von 10.00 \u2013 22.00 Uhr im Forum Kunst am Friedrichsplatz Die offizielle Er\u00f6ffnung findet in der Stallhalle, Stadionstra\u00dfe 40 in Rottweil, am Samstag, 19. September 2020 um 12.00 Uhr statt. Fu\u0308r die Teilnahme an der offiziellen Er\u00f6ffnung ist aufgrund der Corona-Pandemie eine Voranmeldung per E-Mail bis sp\u00e4testens 1. September 2020 erforderlich: info@forumkunstrottweil.de Begru\u0308\u00dfung: Ju\u0308rgen Knubben, Rottweil Einfu\u0308hrung: Prof. Nikolaus Bischoff, Freiburg Dank: Axel Zwach, Friesenheim Viele der beteiligten Ku\u0308nstler<\/em>innen werden anwesend sein.<br>Im Anschluss servieren wir ein schw\u00e4bisches Mittagessen.<br>Zur Ausstellung erscheint eine umfangreiche Publikation.<br>Dauer der Ausstellung:<\/p>\n\n\n\n<ol start=\"19\"><li>September bis 1. November 2020<br>\u00d6ffnungszeiten:<br>Dienstag, Mittwoch, Freitag 14 \u201317 Uhr,<br>Donnerstag 17 \u2013 20 Uhr,<br>Samstag und Sonntag 10 \u201313 Uhr<br>und 14 \u201317 Uhr<br>KUNST IM SETZKASTEN<br>Am Anfang stand die Idee des Kunstsammlers und<br>ehemaligen Druckers Axel Zwach, einen ausgedienten<br>Bleidruck-Setzkasten mit Kunst zu bestu\u0308cken. Schnell<br>waren mit dem Bildhauer und ku\u0308nstlerischen Leiter des<br>Forum Kunst Rottweil, Ju\u0308rgen Knubben und dem Hochschullehrer<br>Nikolaus Bischoff zwei Mitstreiter gefunden.<br>Zusammen wurde die Idee weiterentwickelt<br>und vorangetrieben.<br>Die urspru\u0308nglich 12 Schubladen des Setzkastens wurden<br>zu sechs Schubladen zusammengefasst und in je<br>15 gleichgro\u00dfe \u201eR\u00e4ume\u201c mit den Ma\u00dfen 10 x 20 x 11 cm<br>unterteilt. Um den Versand an die teilnehmenden<br>Ku\u0308nstler<em>innen zu vereinfachen, wurden wei\u00dfe herausnehmbare Schachteln produziert. Jede Schublade sollte von einem anderen Kurator, einer anderen Kuratorin bespielt werden. Die Leiterin der Galerie fu\u0308r Gegenwartskunst im E-Werk Freiburg, Heidi Brunnschweiler, der freie Kurator Hartwig Knack aus Wien und die Leiter<\/em>innen des Ausstellungsraums Galerie<br>3000 in Bern, Caroline von Gunten und Simon Liebherr,<br>konnten fu\u0308r das Projekt gewonnen werden.<br>Die Kurator<em>innen hatten freie Hand, was Thema und Auswahl der Ku\u0308nstler<\/em>innen betrifft.<br>Der Umgang der eingeladenen Ku\u0308nstler*innen mit der zur<br>Verfu\u0308gung gestellten wei\u00dfen Schachtel kann grob in zwei<br>Strategien unterteilt werden: Die einen nutzen den Raum im<br>Sinne eines modellhaften, verkleinerten Ausstellungsraums.<br>Die anderen sehen die Box als Beh\u00e4ltnis fu\u0308r ein \u201eunverkleinertes\u201c<br>Objekt. Zuweilen lassen sich beide Lesarten<br>nicht voneinander trennen. So ist der Betrachter gezwungen,<br>immer wieder seinen Blickwinkel zu \u00e4ndern und den<br>Ma\u00dfstab anzupassen.<br>Indem die Schachteln einerseits als imagin\u00e4re, ideale<br>Ausstellungsr\u00e4ume, aber andererseits auch als reale<br>Beh\u00e4ltnisse in einem Schubladenschrank betrachtet werden<br>k\u00f6nnen, wird im Setzkasten der fruchtbare Grundkonflikt<br>zwischen dem Materiellen und dem Imagin\u00e4ren, der in<br>jedem Kunstwerk angelegt ist, deutlich.<br>Von Rottweil aus soll der Setzkasten auf Tour gehen.<br>Geplant sind Stationen in \u00d6sterreich und der Schweiz.<br><\/li><\/ol>\n","protected":false},"excerpt":{"rendered":"<p>FORUM KUNST zeigtKUNST IM SETZKASTEN90 Werke von 90 Ku\u0308nstlerinnen aus \u00d6sterreich, aus der Schweiz, aus Deutschland, aus weiteren europ\u00e4ischen L\u00e4ndern und aus den USA Einladung zur Er\u00f6ffnung der Ausstellung am Samstag, 19. September 2020, in der Zeit von 10.00 \u2013 22.00 Uhr im Forum Kunst am Friedrichsplatz Die offizielle Er\u00f6ffnung findet in der Stallhalle, Stadionstra\u00dfe [&hellip;]<\/p>\n","protected":false},"author":1,"featured_media":413,"comment_status":"closed","ping_status":"closed","sticky":false,"template":"","format":"standard","meta":[],"categories":[1],"tags":[218,217,47,219],"_links":{"self":[{"href":"http:\/\/marcoschuler.net\/aktuell\/wp-json\/wp\/v2\/posts\/412"}],"collection":[{"href":"http:\/\/marcoschuler.net\/aktuell\/wp-json\/wp\/v2\/posts"}],"about":[{"href":"http:\/\/marcoschuler.net\/aktuell\/wp-json\/wp\/v2\/types\/post"}],"author":[{"embeddable":true,"href":"http:\/\/marcoschuler.net\/aktuell\/wp-json\/wp\/v2\/users\/1"}],"replies":[{"embeddable":true,"href":"http:\/\/marcoschuler.net\/aktuell\/wp-json\/wp\/v2\/comments?post=412"}],"version-history":[{"count":0,"href":"http:\/\/marcoschuler.net\/aktuell\/wp-json\/wp\/v2\/posts\/412\/revisions"}],"wp:featuredmedia":[{"embeddable":true,"href":"http:\/\/marcoschuler.net\/aktuell\/wp-json\/wp\/v2\/media\/413"}],"wp:attachment":[{"href":"http:\/\/marcoschuler.net\/aktuell\/wp-json\/wp\/v2\/media?parent=412"}],"wp:term":[{"taxonomy":"category","embeddable":true,"href":"http:\/\/marcoschuler.net\/aktuell\/wp-json\/wp\/v2\/categories?post=412"},{"taxonomy":"post_tag","embeddable":true,"href":"http:\/\/marcoschuler.net\/aktuell\/wp-json\/wp\/v2\/tags?post=412"}],"curies":[{"name":"wp","href":"https:\/\/api.w.org\/{rel}","templated":true}]}}