{"id":661,"date":"2022-09-05T10:15:55","date_gmt":"2022-09-05T08:15:55","guid":{"rendered":"http:\/\/marcoschuler.net\/aktuell\/?p=661"},"modified":"2022-09-05T10:15:55","modified_gmt":"2022-09-05T08:15:55","slug":"u-can-take-9-9-22-bis-23-9-22","status":"publish","type":"post","link":"http:\/\/marcoschuler.net\/aktuell\/2022\/09\/05\/u-can-take-9-9-22-bis-23-9-22\/","title":{"rendered":"&#8222;U can take&#8220;,                           9.9.22 bis 23.9.22"},"content":{"rendered":"\n<p><\/p>\n\n\n\n<p><\/p>\n\n\n\n<figure class=\"wp-block-image\"><img src=\"https:\/\/ci4.googleusercontent.com\/proxy\/DtOjFGpW4tk06VPKm2JLULBvzY1mdQjEVY0juV18tFrm64xcAyGi3tig5Aj0Wfzn7f4nwnURIQkSyZ-mfUkb3Kw8hh6CQVyBocBQnHvsQM4qrPSpgH9fY13Boea87N4ojnacFsR7RNVSQEf2RhwKyD_YhX5YmQ=s0-d-e1-ft#https:\/\/mcusercontent.com\/3b4e5c9dfc9176edf5bcf11a7\/images\/e5d18348-56c2-8823-b94b-094705b31e38.png\" alt=\"\"\/><\/figure>\n\n\n\n<figure class=\"wp-block-image size-large\"><img loading=\"lazy\" width=\"1024\" height=\"576\" src=\"http:\/\/marcoschuler.net\/aktuell\/wp-content\/uploads\/2022\/09\/georg-still-1-1024x576.jpg\" alt=\"\" class=\"wp-image-662\" srcset=\"http:\/\/marcoschuler.net\/aktuell\/wp-content\/uploads\/2022\/09\/georg-still-1-1024x576.jpg 1024w, http:\/\/marcoschuler.net\/aktuell\/wp-content\/uploads\/2022\/09\/georg-still-1-300x169.jpg 300w, http:\/\/marcoschuler.net\/aktuell\/wp-content\/uploads\/2022\/09\/georg-still-1-768x432.jpg 768w, http:\/\/marcoschuler.net\/aktuell\/wp-content\/uploads\/2022\/09\/georg-still-1-600x338.jpg 600w, http:\/\/marcoschuler.net\/aktuell\/wp-content\/uploads\/2022\/09\/georg-still-1.jpg 1280w\" sizes=\"(max-width: 1024px) 100vw, 1024px\" \/><figcaption>&#8222;Georg&#8220;, Marco Schuler, 2004 , Videostill<\/figcaption><\/figure>\n\n\n\n<figure id=\"m_7444839034936698387bodyTable\" class=\"wp-block-table\"><table><tbody><tr><td><\/td><\/tr><\/tbody><\/table><\/figure>\n\n\n\n<figure class=\"wp-block-table\"><table><tbody><tr><td><\/td><\/tr><\/tbody><\/table><\/figure>\n\n\n\n<figure class=\"wp-block-table\"><table><tbody><tr><td>Liebe Kunstinteressierte, liebe Mitglieder,<br><br>wir sind zur\u00fcck aus der Sommerpause und starten in den Kunstherbst mit einem kontrastreichen Programm!<br><br>Im Rahmen der OPEN ART er\u00f6ffnen wir mit einem Performance-Wochenende und laden Sie herzlich ein zu&nbsp;unserer Express-Ausstellung&nbsp;<br><br><strong>U Can Take<\/strong><br>9.9. bis 23.9.\u00ad2022<br><br>Er\u00f6ffnung<br>Fr. 9.9.2022<br>18.15 Uhr Felix Helmut Wagner, Wien<br>19 Uhr&nbsp;Max Weisthoff, M\u00fcnchen<br><br>Sa. 10.9.2022<br>14 Uhr&nbsp;Esther Abdelghani mit Diana W\u00f6hrl, M\u00fcnchen<br>16 Uhr&nbsp;Haveit, Pristina (Kosovo)<br><br>So. 11.9.2022, 14-16 Uhr<br>Gabi Blum, M\u00fcnchen<br>Lisa Stertz, Berlin<br><br>Finissage<br>Fr. 23.9.2022,&nbsp;19 Uhr&nbsp;<br>Ruth Geiersberger liest<br>Marina Abramovi\u0107 \u201aDurch Mauern gehen\u2018<br>&nbsp;&nbsp;<\/td><\/tr><\/tbody><\/table><\/figure>\n\n\n\n<figure class=\"wp-block-table\"><table><tbody><tr><td><img alt=\"\" src=\"https:\/\/ci4.googleusercontent.com\/proxy\/Ob7CZTHwTk1GWoGCjt-GtK2sZEV2hgybGK7LN7zklxRj4NLlX_YaWYImMuflc10MIruDidtT-Q0Pzb3wWljBMilelcstUoAfdwnsNs7ggAeBlikmJxrkEhZ0cE7bw1k84usP1gdNiesqBE1lcoQ8VUhP6pTuCQ=s0-d-e1-ft#https:\/\/mcusercontent.com\/3b4e5c9dfc9176edf5bcf11a7\/images\/f74d91d4-46d3-766e-f28f-6f16d0d55658.jpg\" width=\"564\"><\/td><\/tr><\/tbody><\/table><\/figure>\n\n\n\n<figure id=\"m_7444839034936698387bodyTable\" class=\"wp-block-table\"><table><tbody><tr><td>Ist die Seele frei und der K\u00f6rper nicht?&nbsp;Sind Geist und K\u00f6rper zwei verschiedene Substanzen? Bereits seit der Antike wird die grundlegende philosophische Frage nach der Beziehung von K\u00f6rper und Seele, oder allgemeiner Materie und Geist, verhandelt.&nbsp;<br><br>Diesen im Raum visualisierten Themenkomplex loten die regionalen und internationalen K\u00fcnstler*innen mit einem kontrastreichen Video- und Performanceprogramm aus.&nbsp;Mittelpunkt der Ausstellung bildet die gro\u00dfformatige Wandmalerei \u201aYou Can Take\u2018 des M\u00fcnchner K\u00fcnstlers Lars Koepsel, die an den Refrain&nbsp;\u201eyou can take my body, you can take my bones, you can take my blood, but not my soul&#8230;\u201d von Rhiannon Giddens Song&nbsp;\u201aAt The Purchaser\u2019s Option\u2018 angelehnt ist.<br>&nbsp;<br>Die eingeladenen Performer*innen reagieren auf und interagieren mit der Raumsituation und dem komplexen&nbsp;mehrfarbigen Schriftbild, das sich&nbsp;in der gesamten H\u00f6he des DG Kunstraums pr\u00e4sentiert. Marco Schuler spielt in kurzen Sequenzen mit der Schwerkraft, Johannes Evers stellt ber\u00fchmte Skulpturen nach und Gabi Blum platziert sich in Gem\u00e4lden. Der Aufgang zur Empore verwandelt sich in den schmalsten Kinosaal der Welt und zeigt die junge Co-Produktion ,Submersion\u2018 unter der Regie von Leonard Schulz aus der Jahresausstellung der B\u00fchnenbild-Klasse Brack an der AdBK.<br><br>U Can Take er\u00f6ffnet mit kontrastreichen Performances zur OPEN ART unter anderem mit Max Weisthoff aus M\u00fcnchen, der Themen wie Maske, Kontrolle und \u00dcbergriffigkeit bearbeitet und dem HAVEIT-Kollektiv aus Pristina (Kosovo), die sich in ihrer Arbeit mit queerfeministischen Themen wie Frauen*- und LGBTQ+ Rechten auseinandersetzen.<br><br>Wir freuen uns auf ein spannendes Er\u00f6ffnungswochenende und ich freue mich, Sie pers\u00f6nlich willkommen zu hei\u00dfen!<br><br>Mit herzlichen Gr\u00fc\u00dfen,<br>Daniela Lange<br><br><br><strong>K\u00fcnstler*innen<\/strong><br>Gabi Blum<br>Johannes Evers<br>Ruth Geiersberger<br>Haveit<br>Lars Koepsel<br>Marco Schuler<br>Lisa Stertz<br>Felix Helmut Wagner<br>Max Weisthoff<br>&nbsp;<br><strong>K\u00fcnstler*innen der AdBK<\/strong><br>Esther Abdelghani mit Diana W\u00f6hrl<br>Leonard Schulz und Team&nbsp;Die Ausstellung wird gef\u00f6rdert durch den&nbsp;Berufsverband Bildender K\u00fcnstlerinnen und K\u00fcnstler Landesverband Bayern e.V.<img alt=\"\" src=\"https:\/\/ci3.googleusercontent.com\/proxy\/J_YM_YlRRCLHM3VXhvjoZmYwXbLsflMgc5K29C21VI-IbKyCA9zhHjOFZUTzvc0ROJX4F8wiSLrSxRhMgctccf3sVqDDSDs6VGsRpO8Z8NhcyAYrNxhpu4uT4v4d4sEn-5AFdJLZzsCtg1rwbo5ROSBxoNcTUA=s0-d-e1-ft#https:\/\/mcusercontent.com\/3b4e5c9dfc9176edf5bcf11a7\/images\/2613b90d-7ee9-4262-95b4-f56858a92283.jpg\" width=\"300\">Fotos<br>Haveit, 8th of March, 2021<br>Lars Koepsel, You Can Take, 2022Weitere Informationen finden Sie auf<br>unserer Website&nbsp;<a href=\"https:\/\/dg-galerie.us9.list-manage.com\/track\/click?u=3b4e5c9dfc9176edf5bcf11a7&amp;id=631c398882&amp;e=8978f754b8\" target=\"_blank\" rel=\"noreferrer noopener\">www.dg-kunstraum.de<\/a>.<br>F\u00fcr Presseanfragen kontaktieren Sie Daniela Lange unter&nbsp;<a href=\"mailto:presse@dg-kunstraum.de\" target=\"_blank\" rel=\"noreferrer noopener\">presse@dg-kunstraum.de<\/a>&nbsp;&nbsp;<br><br>DG Kunstraum Diskurs Gegenwart<br>Deutsche Gesellschaft<br>f\u00fcr christliche Kunst e.V.<br>Finkenstra\u00dfe 4 &nbsp;80333 M\u00fcnchen<br>Telefon +49 89 282548<br><a href=\"mailto:info@dg-kunstraum.de\" target=\"_blank\" rel=\"noreferrer noopener\">info@dg-kunstraum.de<\/a><br><br>\u00d6ffnungszeiten w\u00e4hrend laufender Ausstellungen<br>Dienstag bis Freitag, 12 bis 18 Uhr&nbsp;<\/td><\/tr><\/tbody><\/table><\/figure>\n\n\n\n<figure id=\"m_7444839034936698387canspamBarWrapper\" class=\"wp-block-table\"><table><tbody><tr><td>This email was sent to&nbsp;<a href=\"mailto:daniela.lange@outlook.de\" target=\"_blank\" rel=\"noreferrer noopener\">daniela.lange@outlook.de<\/a>&nbsp;<br><a href=\"https:\/\/dg-galerie.us9.list-manage.com\/about?u=3b4e5c9dfc9176edf5bcf11a7&amp;id=18dc4f49ee&amp;e=8978f754b8&amp;c=641678426c\" target=\"_blank\" rel=\"noreferrer noopener\"><em>why did I get this?<\/em><\/a>&nbsp;&nbsp;&nbsp;&nbsp;<a href=\"https:\/\/dg-galerie.us9.list-manage.com\/unsubscribe?u=3b4e5c9dfc9176edf5bcf11a7&amp;id=18dc4f49ee&amp;e=8978f754b8&amp;c=641678426c\" target=\"_blank\" rel=\"noreferrer noopener\">unsubscribe from this list<\/a>&nbsp;&nbsp;&nbsp;&nbsp;<a href=\"https:\/\/dg-galerie.us9.list-manage.com\/profile?u=3b4e5c9dfc9176edf5bcf11a7&amp;id=18dc4f49ee&amp;e=8978f754b8&amp;c=641678426c\" target=\"_blank\" rel=\"noreferrer noopener\">update subscription preferences<\/a>&nbsp;<br>Deutsche Gesellschaft f\u00fcr christliche Kunst e.V. \u00b7 Finkenstra\u00dfe 4 (Wittelsbacherplatz) \u00b7 Munich 80333 \u00b7 Germany&nbsp;<br><br><a href=\"http:\/\/www.mailchimp.com\/email-referral\/?utm_source=freemium_newsletter&amp;utm_medium=email&amp;utm_campaign=referral_marketing&amp;aid=3b4e5c9dfc9176edf5bcf11a7&amp;afl=1\" target=\"_blank\" rel=\"noreferrer noopener\"><\/a><\/td><\/tr><\/tbody><\/table><\/figure>\n\n\n\n<figure class=\"wp-block-image\"><img src=\"https:\/\/lh3.googleusercontent.com\/a\/AItbvmkc9Lbz6J9HxQoRcvD3WyQehpibZRNynyNX0SjR=s80-p-mo\" alt=\"\"\/><\/figure>\n\n\n\n<figure class=\"wp-block-table\"><table><tbody><tr><td><\/td><td><\/td><\/tr><\/tbody><\/table><\/figure>\n\n\n\n<figure class=\"wp-block-table\"><table><tbody><tr><td><a target=\"_blank\" href=\"https:\/\/drive.google.com\/u\/0\/settings\/storage?hl=de&amp;utm_medium=web&amp;utm_source=gmail&amp;utm_campaign=storage_meter&amp;utm_content=storage_high\" rel=\"noreferrer noopener\"><\/a><\/td><td><\/td><td><\/td><\/tr><\/tbody><\/table><\/figure>\n\n\n\n<p><a href=\"https:\/\/www.dg-kunstraum.de\/8150-2\/\">https:\/\/www.dg-kunstraum.de\/8150-2\/<\/a><\/p>\n","protected":false},"excerpt":{"rendered":"<p>Liebe Kunstinteressierte, liebe Mitglieder, wir sind zur\u00fcck aus der Sommerpause und starten in den Kunstherbst mit einem kontrastreichen Programm! Im Rahmen der OPEN ART er\u00f6ffnen wir mit einem Performance-Wochenende und laden Sie herzlich ein zu&nbsp;unserer Express-Ausstellung&nbsp; U Can Take9.9. bis 23.9.\u00ad2022 Er\u00f6ffnungFr. 9.9.202218.15 Uhr Felix Helmut Wagner, Wien19 Uhr&nbsp;Max Weisthoff, M\u00fcnchen Sa. 10.9.202214 Uhr&nbsp;Esther Abdelghani [&hellip;]<\/p>\n","protected":false},"author":1,"featured_media":662,"comment_status":"closed","ping_status":"closed","sticky":false,"template":"","format":"standard","meta":[],"categories":[1],"tags":[351,26,353,350,51],"_links":{"self":[{"href":"http:\/\/marcoschuler.net\/aktuell\/wp-json\/wp\/v2\/posts\/661"}],"collection":[{"href":"http:\/\/marcoschuler.net\/aktuell\/wp-json\/wp\/v2\/posts"}],"about":[{"href":"http:\/\/marcoschuler.net\/aktuell\/wp-json\/wp\/v2\/types\/post"}],"author":[{"embeddable":true,"href":"http:\/\/marcoschuler.net\/aktuell\/wp-json\/wp\/v2\/users\/1"}],"replies":[{"embeddable":true,"href":"http:\/\/marcoschuler.net\/aktuell\/wp-json\/wp\/v2\/comments?post=661"}],"version-history":[{"count":0,"href":"http:\/\/marcoschuler.net\/aktuell\/wp-json\/wp\/v2\/posts\/661\/revisions"}],"wp:featuredmedia":[{"embeddable":true,"href":"http:\/\/marcoschuler.net\/aktuell\/wp-json\/wp\/v2\/media\/662"}],"wp:attachment":[{"href":"http:\/\/marcoschuler.net\/aktuell\/wp-json\/wp\/v2\/media?parent=661"}],"wp:term":[{"taxonomy":"category","embeddable":true,"href":"http:\/\/marcoschuler.net\/aktuell\/wp-json\/wp\/v2\/categories?post=661"},{"taxonomy":"post_tag","embeddable":true,"href":"http:\/\/marcoschuler.net\/aktuell\/wp-json\/wp\/v2\/tags?post=661"}],"curies":[{"name":"wp","href":"https:\/\/api.w.org\/{rel}","templated":true}]}}